{"id":502,"date":"2018-04-27T12:03:29","date_gmt":"2018-04-27T11:03:29","guid":{"rendered":"http:\/\/www.valencinpierre.fr\/?p=502"},"modified":"2018-10-07T16:53:54","modified_gmt":"2018-10-07T15:53:54","slug":"coupe-du-rhone-une-equipe-en-demie","status":"publish","type":"post","link":"https:\/\/www.valencinpierre.fr\/index.php\/2018\/04\/27\/coupe-du-rhone-une-equipe-en-demie\/","title":{"rendered":"Coupe du Rhone : une \u00e9quipe en demie !"},"content":{"rendered":"<p>Mercredi soir \u00e0 St Pierre, Pascal et Nicolas ont veng\u00e9 Jean-Fran\u00e7ois et Christian en l&#8217;emportant 3-2 contre la paire de la Tour de Salvagny. Les deux ont particip\u00e9 \u00e9galement \u00e0\u00a0 la victoire en remportant un simple et le double, qui a \u00e9t\u00e9 d\u00e9cisif comme souvent.<\/p>\n<p><img loading=\"lazy\" decoding=\"async\" class=\"alignnone size-full wp-image-504\" src=\"http:\/\/www.valencinpierre.fr\/wp-content\/uploads\/2018\/04\/DSC_2392web.jpg\" alt=\"DSC_2392web\" width=\"1000\" height=\"668\" srcset=\"https:\/\/www.valencinpierre.fr\/wp-content\/uploads\/2018\/04\/DSC_2392web.jpg 1000w, https:\/\/www.valencinpierre.fr\/wp-content\/uploads\/2018\/04\/DSC_2392web-300x200.jpg 300w, https:\/\/www.valencinpierre.fr\/wp-content\/uploads\/2018\/04\/DSC_2392web-768x513.jpg 768w\" sizes=\"auto, (max-width: 1000px) 100vw, 1000px\" \/><\/p>\n<p>De leur c\u00f4t\u00e9, Florian et Patrick ont \u00e9t\u00e9 \u00e9limin\u00e9s sur le m\u00eame score par la paire de Mornant, et l\u00e0\u00a0 aussi le double a \u00e9t\u00e9 d\u00e9cisif, mais contre nous &#8230;<\/p>\n<p><img loading=\"lazy\" decoding=\"async\" class=\"alignnone size-full wp-image-505\" src=\"http:\/\/www.valencinpierre.fr\/wp-content\/uploads\/2018\/04\/DSC_2388web.jpg\" alt=\"DSC_2388web\" width=\"1000\" height=\"639\" srcset=\"https:\/\/www.valencinpierre.fr\/wp-content\/uploads\/2018\/04\/DSC_2388web.jpg 1000w, https:\/\/www.valencinpierre.fr\/wp-content\/uploads\/2018\/04\/DSC_2388web-300x192.jpg 300w, https:\/\/www.valencinpierre.fr\/wp-content\/uploads\/2018\/04\/DSC_2388web-768x491.jpg 768w\" sizes=\"auto, (max-width: 1000px) 100vw, 1000px\" \/><\/p>\n<p>Le bilan de la coupe du Rh\u00f4ne nouvelle version reste bon, avec trois \u00e9quipes sur trois en quart de finale et encore une en demi-finale. Pascal peut donc toujours esp\u00e9rer conserver son titre.<\/p>\n","protected":false},"excerpt":{"rendered":"<p>Mercredi soir \u00e0 St Pierre, Pascal et Nicolas ont veng\u00e9 Jean-Fran\u00e7ois et Christian en l&#8217;emportant 3-2 contre la paire de la Tour de Salvagny. Les deux ont particip\u00e9 \u00e9galement \u00e0\u00a0 la victoire<a class=\"moretag\" href=\"https:\/\/www.valencinpierre.fr\/index.php\/2018\/04\/27\/coupe-du-rhone-une-equipe-en-demie\/\">Read More&#8230;<\/a><\/p>\n","protected":false},"author":1,"featured_media":0,"comment_status":"open","ping_status":"open","sticky":false,"template":"","format":"standard","meta":{"footnotes":""},"categories":[8],"tags":[],"class_list":["post-502","post","type-post","status-publish","format-standard","hentry","category-autres-competitions"],"_links":{"self":[{"href":"https:\/\/www.valencinpierre.fr\/index.php\/wp-json\/wp\/v2\/posts\/502","targetHints":{"allow":["GET"]}}],"collection":[{"href":"https:\/\/www.valencinpierre.fr\/index.php\/wp-json\/wp\/v2\/posts"}],"about":[{"href":"https:\/\/www.valencinpierre.fr\/index.php\/wp-json\/wp\/v2\/types\/post"}],"author":[{"embeddable":true,"href":"https:\/\/www.valencinpierre.fr\/index.php\/wp-json\/wp\/v2\/users\/1"}],"replies":[{"embeddable":true,"href":"https:\/\/www.valencinpierre.fr\/index.php\/wp-json\/wp\/v2\/comments?post=502"}],"version-history":[{"count":4,"href":"https:\/\/www.valencinpierre.fr\/index.php\/wp-json\/wp\/v2\/posts\/502\/revisions"}],"predecessor-version":[{"id":561,"href":"https:\/\/www.valencinpierre.fr\/index.php\/wp-json\/wp\/v2\/posts\/502\/revisions\/561"}],"wp:attachment":[{"href":"https:\/\/www.valencinpierre.fr\/index.php\/wp-json\/wp\/v2\/media?parent=502"}],"wp:term":[{"taxonomy":"category","embeddable":true,"href":"https:\/\/www.valencinpierre.fr\/index.php\/wp-json\/wp\/v2\/categories?post=502"},{"taxonomy":"post_tag","embeddable":true,"href":"https:\/\/www.valencinpierre.fr\/index.php\/wp-json\/wp\/v2\/tags?post=502"}],"curies":[{"name":"wp","href":"https:\/\/api.w.org\/{rel}","templated":true}]}}