{"id":666,"date":"2019-05-25T21:19:59","date_gmt":"2019-05-25T20:19:59","guid":{"rendered":"http:\/\/www.valencinpierre.fr\/?p=666"},"modified":"2019-05-25T21:19:59","modified_gmt":"2019-05-25T20:19:59","slug":"week-end-des-titres","status":"publish","type":"post","link":"https:\/\/www.valencinpierre.fr\/index.php\/2019\/05\/25\/week-end-des-titres\/","title":{"rendered":"Week end des titres"},"content":{"rendered":"<p>Ce week end les premiers de poule s&rsquo;affrontent pour le titre de championnat du Rh\u00f4ne. Valenc&rsquo;in Pierre est pr\u00e9sent en D1 pour ajouter une cerise sur le g\u00e2teau du retour en PR.<\/p>\n<p><img loading=\"lazy\" decoding=\"async\" class=\"alignnone size-full wp-image-668\" src=\"http:\/\/www.valencinpierre.fr\/wp-content\/uploads\/2019\/05\/DSC_3736w.jpg\" alt=\"\" width=\"1000\" height=\"694\" srcset=\"https:\/\/www.valencinpierre.fr\/wp-content\/uploads\/2019\/05\/DSC_3736w.jpg 1000w, https:\/\/www.valencinpierre.fr\/wp-content\/uploads\/2019\/05\/DSC_3736w-300x208.jpg 300w, https:\/\/www.valencinpierre.fr\/wp-content\/uploads\/2019\/05\/DSC_3736w-768x533.jpg 768w\" sizes=\"auto, (max-width: 1000px) 100vw, 1000px\" \/><\/p>\n<p>Ce samedi, Souzy 2 \u00e9tait le premier adversaire qui n&rsquo;a pas pes\u00e9 longtemps (10-2). Demain ce sera plus compliqu\u00e9 contre l&rsquo;Arbresle 2 qui s&rsquo;est difficilement d\u00e9fait de Lyon 07 Gerland 10-8.<\/p>\n<p><img loading=\"lazy\" decoding=\"async\" class=\"alignnone size-full wp-image-667\" src=\"http:\/\/www.valencinpierre.fr\/wp-content\/uploads\/2019\/05\/DSC_3734w.jpg\" alt=\"\" width=\"1000\" height=\"662\" srcset=\"https:\/\/www.valencinpierre.fr\/wp-content\/uploads\/2019\/05\/DSC_3734w.jpg 1000w, https:\/\/www.valencinpierre.fr\/wp-content\/uploads\/2019\/05\/DSC_3734w-300x199.jpg 300w, https:\/\/www.valencinpierre.fr\/wp-content\/uploads\/2019\/05\/DSC_3734w-768x508.jpg 768w\" sizes=\"auto, (max-width: 1000px) 100vw, 1000px\" \/><\/p>\n","protected":false},"excerpt":{"rendered":"<p>Ce week end les premiers de poule s&rsquo;affrontent pour le titre de championnat du Rh\u00f4ne. Valenc&rsquo;in Pierre est pr\u00e9sent en D1 pour ajouter une cerise sur le g\u00e2teau du retour en PR.<a class=\"moretag\" href=\"https:\/\/www.valencinpierre.fr\/index.php\/2019\/05\/25\/week-end-des-titres\/\">Read More&#8230;<\/a><\/p>\n","protected":false},"author":1,"featured_media":0,"comment_status":"open","ping_status":"open","sticky":false,"template":"","format":"standard","meta":{"footnotes":""},"categories":[7],"tags":[],"class_list":["post-666","post","type-post","status-publish","format-standard","hentry","category-championnat-par-equipes"],"_links":{"self":[{"href":"https:\/\/www.valencinpierre.fr\/index.php\/wp-json\/wp\/v2\/posts\/666","targetHints":{"allow":["GET"]}}],"collection":[{"href":"https:\/\/www.valencinpierre.fr\/index.php\/wp-json\/wp\/v2\/posts"}],"about":[{"href":"https:\/\/www.valencinpierre.fr\/index.php\/wp-json\/wp\/v2\/types\/post"}],"author":[{"embeddable":true,"href":"https:\/\/www.valencinpierre.fr\/index.php\/wp-json\/wp\/v2\/users\/1"}],"replies":[{"embeddable":true,"href":"https:\/\/www.valencinpierre.fr\/index.php\/wp-json\/wp\/v2\/comments?post=666"}],"version-history":[{"count":1,"href":"https:\/\/www.valencinpierre.fr\/index.php\/wp-json\/wp\/v2\/posts\/666\/revisions"}],"predecessor-version":[{"id":670,"href":"https:\/\/www.valencinpierre.fr\/index.php\/wp-json\/wp\/v2\/posts\/666\/revisions\/670"}],"wp:attachment":[{"href":"https:\/\/www.valencinpierre.fr\/index.php\/wp-json\/wp\/v2\/media?parent=666"}],"wp:term":[{"taxonomy":"category","embeddable":true,"href":"https:\/\/www.valencinpierre.fr\/index.php\/wp-json\/wp\/v2\/categories?post=666"},{"taxonomy":"post_tag","embeddable":true,"href":"https:\/\/www.valencinpierre.fr\/index.php\/wp-json\/wp\/v2\/tags?post=666"}],"curies":[{"name":"wp","href":"https:\/\/api.w.org\/{rel}","templated":true}]}}