{"id":680,"date":"2019-05-26T21:11:02","date_gmt":"2019-05-26T20:11:02","guid":{"rendered":"http:\/\/www.valencinpierre.fr\/?p=680"},"modified":"2019-05-26T21:11:02","modified_gmt":"2019-05-26T20:11:02","slug":"arret-en-demies","status":"publish","type":"post","link":"https:\/\/www.valencinpierre.fr\/index.php\/2019\/05\/26\/arret-en-demies\/","title":{"rendered":"Arr\u00eat en demies"},"content":{"rendered":"<p>La marche \u00e9tait trop haute, l&rsquo;Arbresle l&rsquo;a emport\u00e9 10-6. La rencontre \u00e9tait mal partie (0-2 puis 2-6) mais les doubles auraient pu permettre de recoller : Valenc&rsquo;In Pierre menait 2-0 dans les deux doubles, mais seule la paire Nicolas-Christian a pu concr\u00e9tiser tandis que Pascal-Jean-Fran\u00e7ois s&rsquo;inclinait \u00e0 la belle. Dommage, car ensuite Pascal et Nicolas ont refait vivre l&rsquo;espoir (5-7), mais h\u00e9las vite \u00e9teint.<\/p>\n<p>D\u00e9faite sans regret, \u00e0 part de ne pas avoir offert la finale \u00e0 Alexis, car tout le monde \u00e0 tout donn\u00e9 face \u00e0 un adversaire sup\u00e9rieur. La route du maintien en PR s&rsquo;annonce p\u00e9rilleuse, mais le moral n&rsquo;est pas atteint (voir photo).<\/p>\n<p>&nbsp;<\/p>\n","protected":false},"excerpt":{"rendered":"<p>La marche \u00e9tait trop haute, l&rsquo;Arbresle l&rsquo;a emport\u00e9 10-6. La rencontre \u00e9tait mal partie (0-2 puis 2-6) mais les doubles auraient pu permettre de recoller : Valenc&rsquo;In Pierre menait 2-0 dans les<a class=\"moretag\" href=\"https:\/\/www.valencinpierre.fr\/index.php\/2019\/05\/26\/arret-en-demies\/\">Read More&#8230;<\/a><\/p>\n","protected":false},"author":1,"featured_media":0,"comment_status":"open","ping_status":"open","sticky":false,"template":"","format":"standard","meta":{"footnotes":""},"categories":[7],"tags":[],"class_list":["post-680","post","type-post","status-publish","format-standard","hentry","category-championnat-par-equipes"],"_links":{"self":[{"href":"https:\/\/www.valencinpierre.fr\/index.php\/wp-json\/wp\/v2\/posts\/680","targetHints":{"allow":["GET"]}}],"collection":[{"href":"https:\/\/www.valencinpierre.fr\/index.php\/wp-json\/wp\/v2\/posts"}],"about":[{"href":"https:\/\/www.valencinpierre.fr\/index.php\/wp-json\/wp\/v2\/types\/post"}],"author":[{"embeddable":true,"href":"https:\/\/www.valencinpierre.fr\/index.php\/wp-json\/wp\/v2\/users\/1"}],"replies":[{"embeddable":true,"href":"https:\/\/www.valencinpierre.fr\/index.php\/wp-json\/wp\/v2\/comments?post=680"}],"version-history":[{"count":1,"href":"https:\/\/www.valencinpierre.fr\/index.php\/wp-json\/wp\/v2\/posts\/680\/revisions"}],"predecessor-version":[{"id":681,"href":"https:\/\/www.valencinpierre.fr\/index.php\/wp-json\/wp\/v2\/posts\/680\/revisions\/681"}],"wp:attachment":[{"href":"https:\/\/www.valencinpierre.fr\/index.php\/wp-json\/wp\/v2\/media?parent=680"}],"wp:term":[{"taxonomy":"category","embeddable":true,"href":"https:\/\/www.valencinpierre.fr\/index.php\/wp-json\/wp\/v2\/categories?post=680"},{"taxonomy":"post_tag","embeddable":true,"href":"https:\/\/www.valencinpierre.fr\/index.php\/wp-json\/wp\/v2\/tags?post=680"}],"curies":[{"name":"wp","href":"https:\/\/api.w.org\/{rel}","templated":true}]}}