{"id":692,"date":"2019-07-23T14:13:31","date_gmt":"2019-07-23T13:13:31","guid":{"rendered":"http:\/\/www.valencinpierre.fr\/?p=692"},"modified":"2019-07-23T14:13:31","modified_gmt":"2019-07-23T13:13:31","slug":"bonnes-vacances","status":"publish","type":"post","link":"https:\/\/www.valencinpierre.fr\/index.php\/2019\/07\/23\/bonnes-vacances\/","title":{"rendered":"Bonnes vacances"},"content":{"rendered":"<p>La rentr\u00e9e se fera le 7 septembre aux forums de St Pierre de Chandieu (10-13H00) et Valencin (14-17H00).<\/p>\n<p>L&rsquo;entrainement reprendra d\u00e8s la semaine suivante :<\/p>\n<ul>\n<li>mardi 18H30 \u00e0 Valencin,<\/li>\n<li>mercredi 18H30 \u00e0 St Pierre de Chandieu.<\/li>\n<\/ul>\n<p>Reprise des comp\u00e9titions les week ends du 21 septembre pour les D2, D1 et\u00a0 PR et du 20 octobre pour les D3.<\/p>\n<p>D&rsquo;ici l\u00e0, bonnes vacances !<\/p>\n","protected":false},"excerpt":{"rendered":"<p>La rentr\u00e9e se fera le 7 septembre aux forums de St Pierre de Chandieu (10-13H00) et Valencin (14-17H00). L&rsquo;entrainement reprendra d\u00e8s la semaine suivante : mardi 18H30 \u00e0 Valencin, mercredi 18H30 \u00e0<a class=\"moretag\" href=\"https:\/\/www.valencinpierre.fr\/index.php\/2019\/07\/23\/bonnes-vacances\/\">Read More&#8230;<\/a><\/p>\n","protected":false},"author":1,"featured_media":0,"comment_status":"open","ping_status":"open","sticky":false,"template":"","format":"standard","meta":{"footnotes":""},"categories":[1],"tags":[],"class_list":["post-692","post","type-post","status-publish","format-standard","hentry","category-non-classe"],"_links":{"self":[{"href":"https:\/\/www.valencinpierre.fr\/index.php\/wp-json\/wp\/v2\/posts\/692","targetHints":{"allow":["GET"]}}],"collection":[{"href":"https:\/\/www.valencinpierre.fr\/index.php\/wp-json\/wp\/v2\/posts"}],"about":[{"href":"https:\/\/www.valencinpierre.fr\/index.php\/wp-json\/wp\/v2\/types\/post"}],"author":[{"embeddable":true,"href":"https:\/\/www.valencinpierre.fr\/index.php\/wp-json\/wp\/v2\/users\/1"}],"replies":[{"embeddable":true,"href":"https:\/\/www.valencinpierre.fr\/index.php\/wp-json\/wp\/v2\/comments?post=692"}],"version-history":[{"count":1,"href":"https:\/\/www.valencinpierre.fr\/index.php\/wp-json\/wp\/v2\/posts\/692\/revisions"}],"predecessor-version":[{"id":693,"href":"https:\/\/www.valencinpierre.fr\/index.php\/wp-json\/wp\/v2\/posts\/692\/revisions\/693"}],"wp:attachment":[{"href":"https:\/\/www.valencinpierre.fr\/index.php\/wp-json\/wp\/v2\/media?parent=692"}],"wp:term":[{"taxonomy":"category","embeddable":true,"href":"https:\/\/www.valencinpierre.fr\/index.php\/wp-json\/wp\/v2\/categories?post=692"},{"taxonomy":"post_tag","embeddable":true,"href":"https:\/\/www.valencinpierre.fr\/index.php\/wp-json\/wp\/v2\/tags?post=692"}],"curies":[{"name":"wp","href":"https:\/\/api.w.org\/{rel}","templated":true}]}}