{"id":712,"date":"2019-08-12T12:20:26","date_gmt":"2019-08-12T11:20:26","guid":{"rendered":"http:\/\/www.valencinpierre.fr\/?p=712"},"modified":"2019-08-12T12:20:28","modified_gmt":"2019-08-12T11:20:28","slug":"valencin-pierre-present-a-tous-les-echelons-departementaux","status":"publish","type":"post","link":"https:\/\/www.valencinpierre.fr\/index.php\/2019\/08\/12\/valencin-pierre-present-a-tous-les-echelons-departementaux\/","title":{"rendered":"Valenc&rsquo;in Pierre pr\u00e9sent \u00e0 tous les \u00e9chelons d\u00e9partementaux !"},"content":{"rendered":"\n<p>Nous allons compter une D2 pour la premi\u00e8re phase, seul \u00e9chelon qui nous manquait pour cette rentr\u00e9e. Nous allons donc aligner une \u00e9quipe en PR, en D1, en D2 et au moins une \u00e9galement en D3.<\/p>\n\n\n\n<p>Cela vient r\u00e9compenser l&rsquo;excellente deuxi\u00e8me moiti\u00e9 de saison de l&rsquo;\u00e9quipe 3 qui \u00e9tait pass\u00e9e \u00e0 un cheveu de la mont\u00e9e directe.<\/p>\n","protected":false},"excerpt":{"rendered":"<p>Nous allons compter une D2 pour la premi\u00e8re phase, seul \u00e9chelon qui nous manquait pour cette rentr\u00e9e. Nous allons donc aligner une \u00e9quipe en PR, en D1, en D2 et au moins<a class=\"moretag\" href=\"https:\/\/www.valencinpierre.fr\/index.php\/2019\/08\/12\/valencin-pierre-present-a-tous-les-echelons-departementaux\/\">Read More&#8230;<\/a><\/p>\n","protected":false},"author":1,"featured_media":0,"comment_status":"open","ping_status":"open","sticky":false,"template":"","format":"standard","meta":{"footnotes":""},"categories":[7],"tags":[],"class_list":["post-712","post","type-post","status-publish","format-standard","hentry","category-championnat-par-equipes"],"_links":{"self":[{"href":"https:\/\/www.valencinpierre.fr\/index.php\/wp-json\/wp\/v2\/posts\/712","targetHints":{"allow":["GET"]}}],"collection":[{"href":"https:\/\/www.valencinpierre.fr\/index.php\/wp-json\/wp\/v2\/posts"}],"about":[{"href":"https:\/\/www.valencinpierre.fr\/index.php\/wp-json\/wp\/v2\/types\/post"}],"author":[{"embeddable":true,"href":"https:\/\/www.valencinpierre.fr\/index.php\/wp-json\/wp\/v2\/users\/1"}],"replies":[{"embeddable":true,"href":"https:\/\/www.valencinpierre.fr\/index.php\/wp-json\/wp\/v2\/comments?post=712"}],"version-history":[{"count":1,"href":"https:\/\/www.valencinpierre.fr\/index.php\/wp-json\/wp\/v2\/posts\/712\/revisions"}],"predecessor-version":[{"id":713,"href":"https:\/\/www.valencinpierre.fr\/index.php\/wp-json\/wp\/v2\/posts\/712\/revisions\/713"}],"wp:attachment":[{"href":"https:\/\/www.valencinpierre.fr\/index.php\/wp-json\/wp\/v2\/media?parent=712"}],"wp:term":[{"taxonomy":"category","embeddable":true,"href":"https:\/\/www.valencinpierre.fr\/index.php\/wp-json\/wp\/v2\/categories?post=712"},{"taxonomy":"post_tag","embeddable":true,"href":"https:\/\/www.valencinpierre.fr\/index.php\/wp-json\/wp\/v2\/tags?post=712"}],"curies":[{"name":"wp","href":"https:\/\/api.w.org\/{rel}","templated":true}]}}