{"id":767,"date":"2020-11-26T14:03:02","date_gmt":"2020-11-26T13:03:02","guid":{"rendered":"https:\/\/www.valencinpierre.fr\/?p=767"},"modified":"2020-11-26T14:18:21","modified_gmt":"2020-11-26T13:18:21","slug":"hommage-a-jacques-secretin","status":"publish","type":"post","link":"https:\/\/www.valencinpierre.fr\/index.php\/2020\/11\/26\/hommage-a-jacques-secretin\/","title":{"rendered":"Hommage \u00e0 Jacques Secr\u00e9tin"},"content":{"rendered":"\n<p>Hier un grand champion, celui qui a incarn\u00e9 le tennis de table pendant pr\u00e8s de quarante ans, s&rsquo;est \u00e9teint. Il a conquis pl\u00e9thore de titres de Champion de France, a \u00e9t\u00e9 Champion d&rsquo;Europe et Champion du Monde (double mixte avec Claude Bergeret). Il avait une maitrise de la balle sans \u00e9gale et \u00e9tait encore num\u00e9rot\u00e9 bien apr\u00e8s 60 ans. Je l&rsquo;ai crois\u00e9 lors d&rsquo;une animation publique ou il s&rsquo;amusait avec le public autour d&rsquo;une table. Un grand moment qui restera dans ma m\u00e9moire.<\/p>\n\n\n\n<p>Pour ceux qui l&rsquo;ont connu et ceux qui veulent le connaitre, voici une courte vid\u00e9o .<\/p>\n\n\n\n<figure class=\"wp-block-embed-youtube wp-block-embed is-type-video is-provider-youtube wp-embed-aspect-16-9 wp-has-aspect-ratio\"><div class=\"wp-block-embed__wrapper\">\n<iframe loading=\"lazy\" title=\"Jacques Secr\u00e9tin : disparition de Ma\u00eetre Jacques\" width=\"604\" height=\"340\" src=\"https:\/\/www.youtube.com\/embed\/VMgHTIAF9JQ?feature=oembed\" frameborder=\"0\" allow=\"accelerometer; autoplay; clipboard-write; encrypted-media; gyroscope; picture-in-picture; web-share\" referrerpolicy=\"strict-origin-when-cross-origin\" allowfullscreen><\/iframe>\n<\/div><\/figure>\n","protected":false},"excerpt":{"rendered":"<p>Hier un grand champion, celui qui a incarn\u00e9 le tennis de table pendant pr\u00e8s de quarante ans, s&rsquo;est \u00e9teint. Il a conquis pl\u00e9thore de titres de Champion de France, a \u00e9t\u00e9 Champion<a class=\"moretag\" href=\"https:\/\/www.valencinpierre.fr\/index.php\/2020\/11\/26\/hommage-a-jacques-secretin\/\">Read More&#8230;<\/a><\/p>\n","protected":false},"author":1,"featured_media":0,"comment_status":"open","ping_status":"open","sticky":false,"template":"","format":"standard","meta":{"footnotes":""},"categories":[6],"tags":[],"class_list":["post-767","post","type-post","status-publish","format-standard","hentry","category-divers"],"_links":{"self":[{"href":"https:\/\/www.valencinpierre.fr\/index.php\/wp-json\/wp\/v2\/posts\/767","targetHints":{"allow":["GET"]}}],"collection":[{"href":"https:\/\/www.valencinpierre.fr\/index.php\/wp-json\/wp\/v2\/posts"}],"about":[{"href":"https:\/\/www.valencinpierre.fr\/index.php\/wp-json\/wp\/v2\/types\/post"}],"author":[{"embeddable":true,"href":"https:\/\/www.valencinpierre.fr\/index.php\/wp-json\/wp\/v2\/users\/1"}],"replies":[{"embeddable":true,"href":"https:\/\/www.valencinpierre.fr\/index.php\/wp-json\/wp\/v2\/comments?post=767"}],"version-history":[{"count":2,"href":"https:\/\/www.valencinpierre.fr\/index.php\/wp-json\/wp\/v2\/posts\/767\/revisions"}],"predecessor-version":[{"id":772,"href":"https:\/\/www.valencinpierre.fr\/index.php\/wp-json\/wp\/v2\/posts\/767\/revisions\/772"}],"wp:attachment":[{"href":"https:\/\/www.valencinpierre.fr\/index.php\/wp-json\/wp\/v2\/media?parent=767"}],"wp:term":[{"taxonomy":"category","embeddable":true,"href":"https:\/\/www.valencinpierre.fr\/index.php\/wp-json\/wp\/v2\/categories?post=767"},{"taxonomy":"post_tag","embeddable":true,"href":"https:\/\/www.valencinpierre.fr\/index.php\/wp-json\/wp\/v2\/tags?post=767"}],"curies":[{"name":"wp","href":"https:\/\/api.w.org\/{rel}","templated":true}]}}