{"id":797,"date":"2021-07-08T09:17:06","date_gmt":"2021-07-08T08:17:06","guid":{"rendered":"https:\/\/www.valencinpierre.fr\/?p=797"},"modified":"2021-07-08T09:17:06","modified_gmt":"2021-07-08T08:17:06","slug":"a-bientot","status":"publish","type":"post","link":"https:\/\/www.valencinpierre.fr\/index.php\/2021\/07\/08\/a-bientot\/","title":{"rendered":"A bient\u00f4t"},"content":{"rendered":"\n<p>Apr\u00e8s une longue interruption et une courte reprise en juin, nous voici d\u00e9j\u00e0 en vacances. La rentr\u00e9e est pr\u00e9vue le 4 septembre aux forums des associations (matin \u00e0 St Pierre et apr\u00e8s midi \u00e0 Valencin). L&rsquo;entrainement reprend la semaine suivante les 7, 8 et 10 septembre et les comp\u00e9titions le 23 septembre pour la D1 et la PR. Les D3 reprennent en octobre comme chaque ann\u00e9e.<\/p>\n\n\n\n<p>Pour que l&rsquo;ann\u00e9e qui arrive ne ressemble pas \u00e0 la pr\u00e9c\u00e9dente, vaccinez-vous !<\/p>\n\n\n\n<p>Bonnes vacances et \u00e0 tr\u00e9s vite.<\/p>\n","protected":false},"excerpt":{"rendered":"<p>Apr\u00e8s une longue interruption et une courte reprise en juin, nous voici d\u00e9j\u00e0 en vacances. La rentr\u00e9e est pr\u00e9vue le 4 septembre aux forums des associations (matin \u00e0 St Pierre et apr\u00e8s<a class=\"moretag\" href=\"https:\/\/www.valencinpierre.fr\/index.php\/2021\/07\/08\/a-bientot\/\">Read More&#8230;<\/a><\/p>\n","protected":false},"author":1,"featured_media":0,"comment_status":"open","ping_status":"open","sticky":false,"template":"","format":"standard","meta":{"footnotes":""},"categories":[1],"tags":[],"class_list":["post-797","post","type-post","status-publish","format-standard","hentry","category-non-classe"],"_links":{"self":[{"href":"https:\/\/www.valencinpierre.fr\/index.php\/wp-json\/wp\/v2\/posts\/797","targetHints":{"allow":["GET"]}}],"collection":[{"href":"https:\/\/www.valencinpierre.fr\/index.php\/wp-json\/wp\/v2\/posts"}],"about":[{"href":"https:\/\/www.valencinpierre.fr\/index.php\/wp-json\/wp\/v2\/types\/post"}],"author":[{"embeddable":true,"href":"https:\/\/www.valencinpierre.fr\/index.php\/wp-json\/wp\/v2\/users\/1"}],"replies":[{"embeddable":true,"href":"https:\/\/www.valencinpierre.fr\/index.php\/wp-json\/wp\/v2\/comments?post=797"}],"version-history":[{"count":1,"href":"https:\/\/www.valencinpierre.fr\/index.php\/wp-json\/wp\/v2\/posts\/797\/revisions"}],"predecessor-version":[{"id":798,"href":"https:\/\/www.valencinpierre.fr\/index.php\/wp-json\/wp\/v2\/posts\/797\/revisions\/798"}],"wp:attachment":[{"href":"https:\/\/www.valencinpierre.fr\/index.php\/wp-json\/wp\/v2\/media?parent=797"}],"wp:term":[{"taxonomy":"category","embeddable":true,"href":"https:\/\/www.valencinpierre.fr\/index.php\/wp-json\/wp\/v2\/categories?post=797"},{"taxonomy":"post_tag","embeddable":true,"href":"https:\/\/www.valencinpierre.fr\/index.php\/wp-json\/wp\/v2\/tags?post=797"}],"curies":[{"name":"wp","href":"https:\/\/api.w.org\/{rel}","templated":true}]}}