{"id":818,"date":"2021-10-16T18:50:15","date_gmt":"2021-10-16T17:50:15","guid":{"rendered":"https:\/\/www.valencinpierre.fr\/?p=818"},"modified":"2021-10-16T18:53:05","modified_gmt":"2021-10-16T17:53:05","slug":"valencin-pierre-tt-a-lhonneur","status":"publish","type":"post","link":"https:\/\/www.valencinpierre.fr\/index.php\/2021\/10\/16\/valencin-pierre-tt-a-lhonneur\/","title":{"rendered":"Valenc&rsquo;In Pierre TT \u00e0 l&rsquo;honneur"},"content":{"rendered":"\n<p>Un m\u00e9rite de bronze r\u00e9gional a \u00e9t\u00e9 remis au pr\u00e9sident lors de l&rsquo;assembl\u00e9e g\u00e9n\u00e9rale du Comit\u00e9 du Rh\u00f4ne. Il r\u00e9compense surtout le travail effectu\u00e9 par les bureaux successifs depuis plus de vingt ans pour d\u00e9velopper le club, le passant d&rsquo;une vingtaine \u00e0 plus de soixante licenci\u00e9s \u00e0 son apog\u00e9e, organisant chaque ann\u00e9e depuis pr\u00e8s de dix ans un boudin tr\u00e8s appr\u00e9ci\u00e9 et en maintenant une bonne ambiance entre comp\u00e9titeurs et loisirs.<\/p>\n\n\n\n<figure class=\"wp-block-image size-large\"><img loading=\"lazy\" decoding=\"async\" width=\"733\" height=\"510\" src=\"https:\/\/www.valencinpierre.fr\/wp-content\/uploads\/2021\/10\/merite-de-bronze-2021-09-14_AG9.jpg\" alt=\"\" class=\"wp-image-819\" srcset=\"https:\/\/www.valencinpierre.fr\/wp-content\/uploads\/2021\/10\/merite-de-bronze-2021-09-14_AG9.jpg 733w, https:\/\/www.valencinpierre.fr\/wp-content\/uploads\/2021\/10\/merite-de-bronze-2021-09-14_AG9-300x209.jpg 300w\" sizes=\"auto, (max-width: 733px) 100vw, 733px\" \/><\/figure>\n","protected":false},"excerpt":{"rendered":"<p>Un m\u00e9rite de bronze r\u00e9gional a \u00e9t\u00e9 remis au pr\u00e9sident lors de l&rsquo;assembl\u00e9e g\u00e9n\u00e9rale du Comit\u00e9 du Rh\u00f4ne. Il r\u00e9compense surtout le travail effectu\u00e9 par les bureaux successifs depuis plus de vingt<a class=\"moretag\" href=\"https:\/\/www.valencinpierre.fr\/index.php\/2021\/10\/16\/valencin-pierre-tt-a-lhonneur\/\">Read More&#8230;<\/a><\/p>\n","protected":false},"author":1,"featured_media":0,"comment_status":"open","ping_status":"open","sticky":false,"template":"","format":"standard","meta":{"footnotes":""},"categories":[6,5],"tags":[],"class_list":["post-818","post","type-post","status-publish","format-standard","hentry","category-divers","category-evenements"],"_links":{"self":[{"href":"https:\/\/www.valencinpierre.fr\/index.php\/wp-json\/wp\/v2\/posts\/818","targetHints":{"allow":["GET"]}}],"collection":[{"href":"https:\/\/www.valencinpierre.fr\/index.php\/wp-json\/wp\/v2\/posts"}],"about":[{"href":"https:\/\/www.valencinpierre.fr\/index.php\/wp-json\/wp\/v2\/types\/post"}],"author":[{"embeddable":true,"href":"https:\/\/www.valencinpierre.fr\/index.php\/wp-json\/wp\/v2\/users\/1"}],"replies":[{"embeddable":true,"href":"https:\/\/www.valencinpierre.fr\/index.php\/wp-json\/wp\/v2\/comments?post=818"}],"version-history":[{"count":2,"href":"https:\/\/www.valencinpierre.fr\/index.php\/wp-json\/wp\/v2\/posts\/818\/revisions"}],"predecessor-version":[{"id":822,"href":"https:\/\/www.valencinpierre.fr\/index.php\/wp-json\/wp\/v2\/posts\/818\/revisions\/822"}],"wp:attachment":[{"href":"https:\/\/www.valencinpierre.fr\/index.php\/wp-json\/wp\/v2\/media?parent=818"}],"wp:term":[{"taxonomy":"category","embeddable":true,"href":"https:\/\/www.valencinpierre.fr\/index.php\/wp-json\/wp\/v2\/categories?post=818"},{"taxonomy":"post_tag","embeddable":true,"href":"https:\/\/www.valencinpierre.fr\/index.php\/wp-json\/wp\/v2\/tags?post=818"}],"curies":[{"name":"wp","href":"https:\/\/api.w.org\/{rel}","templated":true}]}}